{"id":8676,"date":"2023-06-22T11:45:37","date_gmt":"2023-06-22T09:45:37","guid":{"rendered":"https:\/\/experienciamoderna.com\/historia-de-las-mujeres-y-del-feminismo-desde-1945\/"},"modified":"2024-02-21T09:40:48","modified_gmt":"2024-02-21T08:40:48","slug":"historia-de-las-mujeres-y-del-feminismo-desde-1945","status":"publish","type":"post","link":"https:\/\/experienciamoderna.com\/eu\/historia-de-las-mujeres-y-del-feminismo-desde-1945\/","title":{"rendered":"&#8220;Historia de las mujeres y del feminismo desde 1945&#8221;"},"content":{"rendered":"<p>[et_pb_section fb_built=&#8221;1&#8243; _builder_version=&#8221;4.19.3&#8243; _module_preset=&#8221;default&#8221; global_colors_info=&#8221;{}&#8221;][et_pb_row _builder_version=&#8221;4.19.3&#8243; _module_preset=&#8221;default&#8221; global_colors_info=&#8221;{}&#8221;][et_pb_column type=&#8221;4_4&#8243; _builder_version=&#8221;4.19.3&#8243; _module_preset=&#8221;default&#8221; global_colors_info=&#8221;{}&#8221;][et_pb_text _builder_version=&#8221;4.21.0&#8243; _module_preset=&#8221;default&#8221; link_option_url=&#8221;https:\/\/experienciamoderna.com\/eu\/programa-vii-seminario-historia-oral_compressed-2\/&#8221; global_colors_info=&#8221;{}&#8221;]<\/p>\n<p><strong>&#8220;Historia de las mujeres y del feminismo desde 1945&#8221;\u00a0<\/strong><\/p>\n<p><strong>Teresa Mar\u00eda Ortega L\u00f3pez<\/strong><br \/>Historia Garaikideko katedraduna Granadako Unibertsitatean<\/p>\n<p><strong>M\u00f3nica Moreno Seco<\/strong><br \/>Alacanteko Unibertsitateko Historia Garaikideko irakasle titularra<\/p>\n<ul>\n<li>Ekainaren 29an, osteguna | Ordua: 20h.<br \/>C\u00e1mara Liburutegia (Euskalduna Kalea, 6 Bilbao)<br \/><a href=\"https:\/\/www.libreriacamara.com\/es\/noticias\/presentacion-historia-de-las-mujeres-y-delfeminismo-desde-1945_142\">https:\/\/www.libreriacamara.com\/es\/noticias\/presentacion-historia-de-las-mujeres-y-delfeminismo-<\/a><br \/><a href=\"https:\/\/www.libreriacamara.com\/es\/noticias\/presentacion-historia-de-las-mujeres-y-delfeminismo-desde-1945_142\">desde-1945_142<\/a><br \/>Antolatzailea:\u00a0 Grupo Experiencia Moderna (UPV-EHU)\u00a0 GIC IT1874-22<\/li>\n<\/ul>\n<p><img loading=\"lazy\" decoding=\"async\" class=\"alignnone wp-image-8667\" src=\"https:\/\/experienciamoderna.com\/wp-content\/uploads\/2023\/06\/Logos.jpg\" alt=\"\" width=\"700\" height=\"163\" \/><\/p>\n<p>[\/et_pb_text][\/et_pb_column][\/et_pb_row][\/et_pb_section]<\/p>\n","protected":false},"excerpt":{"rendered":"<p>&#8220;Historia de las mujeres y del feminismo desde 1945&#8221;\u00a0 Teresa Mar\u00eda Ortega L\u00f3pezHistoria Garaikideko katedraduna Granadako Unibertsitatean M\u00f3nica Moreno SecoAlacanteko Unibertsitateko Historia Garaikideko irakasle titularra Ekainaren 29an, osteguna | Ordua: 20h.C\u00e1mara Liburutegia (Euskalduna Kalea, 6 Bilbao)https:\/\/www.libreriacamara.com\/es\/noticias\/presentacion-historia-de-las-mujeres-y-delfeminismo-desde-1945_142Antolatzailea:\u00a0 Grupo Experiencia Moderna (UPV-EHU)\u00a0 GIC IT1874-22<\/p>\n","protected":false},"author":1,"featured_media":8663,"comment_status":"closed","ping_status":"open","sticky":false,"template":"","format":"standard","meta":{"_et_pb_use_builder":"on","_et_pb_old_content":"","_et_gb_content_width":"","footnotes":""},"categories":[47,46],"tags":[],"class_list":["post-8676","post","type-post","status-publish","format-standard","has-post-thumbnail","hentry","category-liburu-aurkezpena","category-presentacion-de-libros"],"_links":{"self":[{"href":"https:\/\/experienciamoderna.com\/eu\/wp-json\/wp\/v2\/posts\/8676","targetHints":{"allow":["GET"]}}],"collection":[{"href":"https:\/\/experienciamoderna.com\/eu\/wp-json\/wp\/v2\/posts"}],"about":[{"href":"https:\/\/experienciamoderna.com\/eu\/wp-json\/wp\/v2\/types\/post"}],"author":[{"embeddable":true,"href":"https:\/\/experienciamoderna.com\/eu\/wp-json\/wp\/v2\/users\/1"}],"replies":[{"embeddable":true,"href":"https:\/\/experienciamoderna.com\/eu\/wp-json\/wp\/v2\/comments?post=8676"}],"version-history":[{"count":14,"href":"https:\/\/experienciamoderna.com\/eu\/wp-json\/wp\/v2\/posts\/8676\/revisions"}],"predecessor-version":[{"id":9927,"href":"https:\/\/experienciamoderna.com\/eu\/wp-json\/wp\/v2\/posts\/8676\/revisions\/9927"}],"wp:featuredmedia":[{"embeddable":true,"href":"https:\/\/experienciamoderna.com\/eu\/wp-json\/wp\/v2\/media\/8663"}],"wp:attachment":[{"href":"https:\/\/experienciamoderna.com\/eu\/wp-json\/wp\/v2\/media?parent=8676"}],"wp:term":[{"taxonomy":"category","embeddable":true,"href":"https:\/\/experienciamoderna.com\/eu\/wp-json\/wp\/v2\/categories?post=8676"},{"taxonomy":"post_tag","embeddable":true,"href":"https:\/\/experienciamoderna.com\/eu\/wp-json\/wp\/v2\/tags?post=8676"}],"curies":[{"name":"wp","href":"https:\/\/api.w.org\/{rel}","templated":true}]}}