{"id":9679,"date":"2024-02-14T12:36:22","date_gmt":"2024-02-14T11:36:22","guid":{"rendered":"https:\/\/experienciamoderna.com\/hombres-feministas-y-masculinidad-en-la-espana-contemporanea\/"},"modified":"2024-02-14T12:49:27","modified_gmt":"2024-02-14T11:49:27","slug":"hombres-feministas-y-masculinidad-en-la-espana-contemporanea","status":"publish","type":"post","link":"https:\/\/experienciamoderna.com\/eu\/hombres-feministas-y-masculinidad-en-la-espana-contemporanea\/","title":{"rendered":"Hombres feministas y masculinidad en la Espa\u00f1a contempor\u00e1nea"},"content":{"rendered":"<p>[et_pb_section fb_built=&#8221;1&#8243; _builder_version=&#8221;4.19.3&#8243; _module_preset=&#8221;default&#8221; global_colors_info=&#8221;{}&#8221;][et_pb_row _builder_version=&#8221;4.19.3&#8243; _module_preset=&#8221;default&#8221; global_colors_info=&#8221;{}&#8221;][et_pb_column type=&#8221;4_4&#8243; _builder_version=&#8221;4.19.3&#8243; _module_preset=&#8221;default&#8221; global_colors_info=&#8221;{}&#8221;][et_pb_text _builder_version=&#8221;4.24.0&#8243; _module_preset=&#8221;default&#8221; link_option_url=&#8221;https:\/\/experienciamoderna.com\/eu\/programa-vii-seminario-historia-oral_compressed-2\/&#8221; global_colors_info=&#8221;{}&#8221;]<\/p>\n<p><strong>&#8220;Hombres feministas y masculinidad en la Espa\u00f1a contempor\u00e1nea&#8221; <\/strong>liburuaren aurkezpena<\/p>\n<p>Egilea: <strong>Jes\u00fas Espinosa Gutierrez<\/strong><\/p>\n<p>Lagunduko dio:<br \/><strong>Teresa Laespada\u00a0 \u00a0<\/strong>Diputada foral de Empleo, cohesi\u00f3n social e Igualdad<\/p>\n<p>Astelehena, 12 de febrero de 2024 Hordua: de 18 a 19.30 horas<br \/>Bizkaiko Batzar Nagusia\u00a0\u00a0 Hurtado de Amezaga kalea,\u00a0 6\u00a0 BILBAO<\/p>\n<p>[\/et_pb_text][\/et_pb_column][\/et_pb_row][\/et_pb_section]<\/p>\n","protected":false},"excerpt":{"rendered":"<p>&#8220;Hombres feministas y masculinidad en la Espa\u00f1a contempor\u00e1nea&#8221; liburuaren aurkezpena Egilea: Jes\u00fas Espinosa Gutierrez Lagunduko dio:Teresa Laespada\u00a0 \u00a0Diputada foral de Empleo, cohesi\u00f3n social e Igualdad Astelehena, 12 de febrero de 2024 Hordua: de 18 a 19.30 horasBizkaiko Batzar Nagusia\u00a0\u00a0 Hurtado de Amezaga kalea,\u00a0 6\u00a0 BILBAO<\/p>\n","protected":false},"author":1,"featured_media":9672,"comment_status":"closed","ping_status":"open","sticky":false,"template":"","format":"standard","meta":{"_et_pb_use_builder":"on","_et_pb_old_content":"","_et_gb_content_width":"","footnotes":""},"categories":[9],"tags":[],"class_list":["post-9679","post","type-post","status-publish","format-standard","has-post-thumbnail","hentry","category-uncategorized-eu"],"_links":{"self":[{"href":"https:\/\/experienciamoderna.com\/eu\/wp-json\/wp\/v2\/posts\/9679","targetHints":{"allow":["GET"]}}],"collection":[{"href":"https:\/\/experienciamoderna.com\/eu\/wp-json\/wp\/v2\/posts"}],"about":[{"href":"https:\/\/experienciamoderna.com\/eu\/wp-json\/wp\/v2\/types\/post"}],"author":[{"embeddable":true,"href":"https:\/\/experienciamoderna.com\/eu\/wp-json\/wp\/v2\/users\/1"}],"replies":[{"embeddable":true,"href":"https:\/\/experienciamoderna.com\/eu\/wp-json\/wp\/v2\/comments?post=9679"}],"version-history":[{"count":4,"href":"https:\/\/experienciamoderna.com\/eu\/wp-json\/wp\/v2\/posts\/9679\/revisions"}],"predecessor-version":[{"id":9702,"href":"https:\/\/experienciamoderna.com\/eu\/wp-json\/wp\/v2\/posts\/9679\/revisions\/9702"}],"wp:featuredmedia":[{"embeddable":true,"href":"https:\/\/experienciamoderna.com\/eu\/wp-json\/wp\/v2\/media\/9672"}],"wp:attachment":[{"href":"https:\/\/experienciamoderna.com\/eu\/wp-json\/wp\/v2\/media?parent=9679"}],"wp:term":[{"taxonomy":"category","embeddable":true,"href":"https:\/\/experienciamoderna.com\/eu\/wp-json\/wp\/v2\/categories?post=9679"},{"taxonomy":"post_tag","embeddable":true,"href":"https:\/\/experienciamoderna.com\/eu\/wp-json\/wp\/v2\/tags?post=9679"}],"curies":[{"name":"wp","href":"https:\/\/api.w.org\/{rel}","templated":true}]}}